{"id":784,"date":"2024-02-25T10:48:28","date_gmt":"2024-02-25T09:48:28","guid":{"rendered":"https:\/\/gites.vallee-munster.alsace\/?p=784"},"modified":"2024-02-25T10:48:28","modified_gmt":"2024-02-25T09:48:28","slug":"lac-du-fischboedle","status":"publish","type":"post","link":"https:\/\/gites.vallee-munster.alsace\/index.php\/2024\/02\/25\/lac-du-fischboedle\/","title":{"rendered":"Lac du Fischboedle"},"content":{"rendered":"\n<div class=\"wp-block-media-text is-stacked-on-mobile\"><figure class=\"wp-block-media-text__media\"><img loading=\"lazy\" decoding=\"async\" width=\"300\" height=\"168\" src=\"https:\/\/gites.vallee-munster.alsace\/wp-content\/uploads\/2024\/02\/Sans-titre.jpeg\" alt=\"\" class=\"wp-image-785 size-full\"\/><\/figure><div class=\"wp-block-media-text__content\">\n<p>Le lac du Fischboedl\u00e9 est le plus petit des lacs vosgiens. Sa superficie est de 0,5 ha. Il se situe \u00e0 794 m\u00e8tres d&rsquo;altitude au dessus de la vall\u00e9e de la Wormsa. Un pierrier se d\u00e9verse dans le lac et lui donne un caract\u00e8re alpestre.<br>Il a \u00e9t\u00e9 endigu\u00e9 au d\u00e9but du 19\u00e8me si\u00e8cle pour soutenir les d\u00e9bits d&rsquo;\u00e9tiage de la Fecht mais aussi pour les plaisirs de la p\u00eache.<br>Une petite gloriette mise en place par le Club Vosgien de la Vall\u00e9e de Munster accueille le randonneur. Le temps de marche pour y acc\u00e9der est de 30 \u00e0 40 minutes au d\u00e9part des chalets de la Wormsa (Metzeral). L&rsquo;acc\u00e8s au lac est interdit aux v\u00e9hicules.<\/p>\n<\/div><\/div>\n","protected":false},"excerpt":{"rendered":"<p>Le lac du Fischboedl\u00e9 est le plus petit des lacs vosgiens. Sa superficie est de 0,5 ha. Il se situe \u00e0 794 m\u00e8tres d&rsquo;altitude au dessus de la vall\u00e9e de la Wormsa. Un pierrier se d\u00e9verse dans le lac et lui donne un caract\u00e8re alpestre.Il a \u00e9t\u00e9 endigu\u00e9 au d\u00e9but du 19\u00e8me si\u00e8cle pour soutenir [&hellip;]<\/p>\n","protected":false},"author":1,"featured_media":785,"comment_status":"open","ping_status":"open","sticky":false,"template":"","format":"standard","meta":{"footnotes":""},"categories":[10],"tags":[],"class_list":["post-784","post","type-post","status-publish","format-standard","has-post-thumbnail","hentry","category-lac"],"yoast_head":"<!-- This site is optimized with the Yoast SEO plugin v27.0 - https:\/\/yoast.com\/product\/yoast-seo-wordpress\/ -->\n<title>Lac du Fischboedle - Gite de la Vall\u00e9e de Munster<\/title>\n<meta name=\"robots\" content=\"index, follow, max-snippet:-1, max-image-preview:large, max-video-preview:-1\" \/>\n<link rel=\"canonical\" href=\"https:\/\/gites.vallee-munster.alsace\/index.php\/2024\/02\/25\/lac-du-fischboedle\/\" \/>\n<meta property=\"og:locale\" content=\"fr_FR\" \/>\n<meta property=\"og:type\" content=\"article\" \/>\n<meta property=\"og:title\" content=\"Lac du Fischboedle - Gite de la Vall\u00e9e de Munster\" \/>\n<meta property=\"og:description\" content=\"Le lac du Fischboedl\u00e9 est le plus petit des lacs vosgiens. Sa superficie est de 0,5 ha. Il se situe \u00e0 794 m\u00e8tres d&rsquo;altitude au dessus de la vall\u00e9e de la Wormsa. Un pierrier se d\u00e9verse dans le lac et lui donne un caract\u00e8re alpestre.Il a \u00e9t\u00e9 endigu\u00e9 au d\u00e9but du 19\u00e8me si\u00e8cle pour soutenir [&hellip;]\" \/>\n<meta property=\"og:url\" content=\"https:\/\/gites.vallee-munster.alsace\/index.php\/2024\/02\/25\/lac-du-fischboedle\/\" \/>\n<meta property=\"og:site_name\" content=\"Gite de la Vall\u00e9e de Munster\" \/>\n<meta property=\"article:published_time\" content=\"2024-02-25T09:48:28+00:00\" \/>\n<meta property=\"og:image\" content=\"https:\/\/gites.vallee-munster.alsace\/wp-content\/uploads\/2024\/02\/Sans-titre.jpeg\" \/>\n\t<meta property=\"og:image:width\" content=\"300\" \/>\n\t<meta property=\"og:image:height\" content=\"168\" \/>\n\t<meta property=\"og:image:type\" content=\"image\/jpeg\" \/>\n<meta name=\"author\" content=\"admin\" \/>\n<meta name=\"twitter:card\" content=\"summary_large_image\" \/>\n<meta name=\"twitter:label1\" content=\"\u00c9crit par\" \/>\n\t<meta name=\"twitter:data1\" content=\"admin\" \/>\n\t<meta name=\"twitter:label2\" content=\"Dur\u00e9e de lecture estim\u00e9e\" \/>\n\t<meta name=\"twitter:data2\" content=\"1 minute\" \/>\n<script type=\"application\/ld+json\" class=\"yoast-schema-graph\">{\"@context\":\"https:\/\/schema.org\",\"@graph\":[{\"@type\":\"Article\",\"@id\":\"https:\/\/gites.vallee-munster.alsace\/index.php\/2024\/02\/25\/lac-du-fischboedle\/#article\",\"isPartOf\":{\"@id\":\"https:\/\/gites.vallee-munster.alsace\/index.php\/2024\/02\/25\/lac-du-fischboedle\/\"},\"author\":{\"name\":\"admin\",\"@id\":\"https:\/\/gites.vallee-munster.alsace\/#\/schema\/person\/484974d5c9317a48b8ce56d3aefdd4cd\"},\"headline\":\"Lac du Fischboedle\",\"datePublished\":\"2024-02-25T09:48:28+00:00\",\"mainEntityOfPage\":{\"@id\":\"https:\/\/gites.vallee-munster.alsace\/index.php\/2024\/02\/25\/lac-du-fischboedle\/\"},\"wordCount\":129,\"commentCount\":0,\"publisher\":{\"@id\":\"https:\/\/gites.vallee-munster.alsace\/#organization\"},\"image\":{\"@id\":\"https:\/\/gites.vallee-munster.alsace\/index.php\/2024\/02\/25\/lac-du-fischboedle\/#primaryimage\"},\"thumbnailUrl\":\"https:\/\/gites.vallee-munster.alsace\/wp-content\/uploads\/2024\/02\/Sans-titre.jpeg\",\"articleSection\":[\"Lac\"],\"inLanguage\":\"fr-FR\",\"potentialAction\":[{\"@type\":\"CommentAction\",\"name\":\"Comment\",\"target\":[\"https:\/\/gites.vallee-munster.alsace\/index.php\/2024\/02\/25\/lac-du-fischboedle\/#respond\"]}]},{\"@type\":\"WebPage\",\"@id\":\"https:\/\/gites.vallee-munster.alsace\/index.php\/2024\/02\/25\/lac-du-fischboedle\/\",\"url\":\"https:\/\/gites.vallee-munster.alsace\/index.php\/2024\/02\/25\/lac-du-fischboedle\/\",\"name\":\"Lac du Fischboedle - Gite de la Vall\u00e9e de Munster\",\"isPartOf\":{\"@id\":\"https:\/\/gites.vallee-munster.alsace\/#website\"},\"primaryImageOfPage\":{\"@id\":\"https:\/\/gites.vallee-munster.alsace\/index.php\/2024\/02\/25\/lac-du-fischboedle\/#primaryimage\"},\"image\":{\"@id\":\"https:\/\/gites.vallee-munster.alsace\/index.php\/2024\/02\/25\/lac-du-fischboedle\/#primaryimage\"},\"thumbnailUrl\":\"https:\/\/gites.vallee-munster.alsace\/wp-content\/uploads\/2024\/02\/Sans-titre.jpeg\",\"datePublished\":\"2024-02-25T09:48:28+00:00\",\"breadcrumb\":{\"@id\":\"https:\/\/gites.vallee-munster.alsace\/index.php\/2024\/02\/25\/lac-du-fischboedle\/#breadcrumb\"},\"inLanguage\":\"fr-FR\",\"potentialAction\":[{\"@type\":\"ReadAction\",\"target\":[\"https:\/\/gites.vallee-munster.alsace\/index.php\/2024\/02\/25\/lac-du-fischboedle\/\"]}]},{\"@type\":\"ImageObject\",\"inLanguage\":\"fr-FR\",\"@id\":\"https:\/\/gites.vallee-munster.alsace\/index.php\/2024\/02\/25\/lac-du-fischboedle\/#primaryimage\",\"url\":\"https:\/\/gites.vallee-munster.alsace\/wp-content\/uploads\/2024\/02\/Sans-titre.jpeg\",\"contentUrl\":\"https:\/\/gites.vallee-munster.alsace\/wp-content\/uploads\/2024\/02\/Sans-titre.jpeg\",\"width\":300,\"height\":168},{\"@type\":\"BreadcrumbList\",\"@id\":\"https:\/\/gites.vallee-munster.alsace\/index.php\/2024\/02\/25\/lac-du-fischboedle\/#breadcrumb\",\"itemListElement\":[{\"@type\":\"ListItem\",\"position\":1,\"name\":\"Accueil\",\"item\":\"https:\/\/gites.vallee-munster.alsace\/\"},{\"@type\":\"ListItem\",\"position\":2,\"name\":\"Lac du Fischboedle\"}]},{\"@type\":\"WebSite\",\"@id\":\"https:\/\/gites.vallee-munster.alsace\/#website\",\"url\":\"https:\/\/gites.vallee-munster.alsace\/\",\"name\":\"Gite de la Vall\u00e9e de Munster\",\"description\":\"Votre chez-soi loin de chez vous\",\"publisher\":{\"@id\":\"https:\/\/gites.vallee-munster.alsace\/#organization\"},\"potentialAction\":[{\"@type\":\"SearchAction\",\"target\":{\"@type\":\"EntryPoint\",\"urlTemplate\":\"https:\/\/gites.vallee-munster.alsace\/?s={search_term_string}\"},\"query-input\":{\"@type\":\"PropertyValueSpecification\",\"valueRequired\":true,\"valueName\":\"search_term_string\"}}],\"inLanguage\":\"fr-FR\"},{\"@type\":\"Organization\",\"@id\":\"https:\/\/gites.vallee-munster.alsace\/#organization\",\"name\":\"Gite de la Vall\u00e9e de Munster\",\"url\":\"https:\/\/gites.vallee-munster.alsace\/\",\"logo\":{\"@type\":\"ImageObject\",\"inLanguage\":\"fr-FR\",\"@id\":\"https:\/\/gites.vallee-munster.alsace\/#\/schema\/logo\/image\/\",\"url\":\"https:\/\/gites.vallee-munster.alsace\/wp-content\/uploads\/2024\/02\/LOGO-GITE.png\",\"contentUrl\":\"https:\/\/gites.vallee-munster.alsace\/wp-content\/uploads\/2024\/02\/LOGO-GITE.png\",\"width\":160,\"height\":90,\"caption\":\"Gite de la Vall\u00e9e de Munster\"},\"image\":{\"@id\":\"https:\/\/gites.vallee-munster.alsace\/#\/schema\/logo\/image\/\"}},{\"@type\":\"Person\",\"@id\":\"https:\/\/gites.vallee-munster.alsace\/#\/schema\/person\/484974d5c9317a48b8ce56d3aefdd4cd\",\"name\":\"admin\",\"image\":{\"@type\":\"ImageObject\",\"inLanguage\":\"fr-FR\",\"@id\":\"https:\/\/gites.vallee-munster.alsace\/#\/schema\/person\/image\/\",\"url\":\"https:\/\/secure.gravatar.com\/avatar\/5d4132b480749dcffaa672c4d206cdffada2358113c3ccaabe49b962802ca1e5?s=96&d=mm&r=g\",\"contentUrl\":\"https:\/\/secure.gravatar.com\/avatar\/5d4132b480749dcffaa672c4d206cdffada2358113c3ccaabe49b962802ca1e5?s=96&d=mm&r=g\",\"caption\":\"admin\"},\"sameAs\":[\"https:\/\/gites.vallee-munster.alsace\"],\"url\":\"https:\/\/gites.vallee-munster.alsace\/index.php\/author\/sbc-conseils\/\"}]}<\/script>\n<!-- \/ Yoast SEO plugin. -->","yoast_head_json":{"title":"Lac du Fischboedle - Gite de la Vall\u00e9e de Munster","robots":{"index":"index","follow":"follow","max-snippet":"max-snippet:-1","max-image-preview":"max-image-preview:large","max-video-preview":"max-video-preview:-1"},"canonical":"https:\/\/gites.vallee-munster.alsace\/index.php\/2024\/02\/25\/lac-du-fischboedle\/","og_locale":"fr_FR","og_type":"article","og_title":"Lac du Fischboedle - Gite de la Vall\u00e9e de Munster","og_description":"Le lac du Fischboedl\u00e9 est le plus petit des lacs vosgiens. Sa superficie est de 0,5 ha. Il se situe \u00e0 794 m\u00e8tres d&rsquo;altitude au dessus de la vall\u00e9e de la Wormsa. Un pierrier se d\u00e9verse dans le lac et lui donne un caract\u00e8re alpestre.Il a \u00e9t\u00e9 endigu\u00e9 au d\u00e9but du 19\u00e8me si\u00e8cle pour soutenir [&hellip;]","og_url":"https:\/\/gites.vallee-munster.alsace\/index.php\/2024\/02\/25\/lac-du-fischboedle\/","og_site_name":"Gite de la Vall\u00e9e de Munster","article_published_time":"2024-02-25T09:48:28+00:00","og_image":[{"width":300,"height":168,"url":"https:\/\/gites.vallee-munster.alsace\/wp-content\/uploads\/2024\/02\/Sans-titre.jpeg","type":"image\/jpeg"}],"author":"admin","twitter_card":"summary_large_image","twitter_misc":{"\u00c9crit par":"admin","Dur\u00e9e de lecture estim\u00e9e":"1 minute"},"schema":{"@context":"https:\/\/schema.org","@graph":[{"@type":"Article","@id":"https:\/\/gites.vallee-munster.alsace\/index.php\/2024\/02\/25\/lac-du-fischboedle\/#article","isPartOf":{"@id":"https:\/\/gites.vallee-munster.alsace\/index.php\/2024\/02\/25\/lac-du-fischboedle\/"},"author":{"name":"admin","@id":"https:\/\/gites.vallee-munster.alsace\/#\/schema\/person\/484974d5c9317a48b8ce56d3aefdd4cd"},"headline":"Lac du Fischboedle","datePublished":"2024-02-25T09:48:28+00:00","mainEntityOfPage":{"@id":"https:\/\/gites.vallee-munster.alsace\/index.php\/2024\/02\/25\/lac-du-fischboedle\/"},"wordCount":129,"commentCount":0,"publisher":{"@id":"https:\/\/gites.vallee-munster.alsace\/#organization"},"image":{"@id":"https:\/\/gites.vallee-munster.alsace\/index.php\/2024\/02\/25\/lac-du-fischboedle\/#primaryimage"},"thumbnailUrl":"https:\/\/gites.vallee-munster.alsace\/wp-content\/uploads\/2024\/02\/Sans-titre.jpeg","articleSection":["Lac"],"inLanguage":"fr-FR","potentialAction":[{"@type":"CommentAction","name":"Comment","target":["https:\/\/gites.vallee-munster.alsace\/index.php\/2024\/02\/25\/lac-du-fischboedle\/#respond"]}]},{"@type":"WebPage","@id":"https:\/\/gites.vallee-munster.alsace\/index.php\/2024\/02\/25\/lac-du-fischboedle\/","url":"https:\/\/gites.vallee-munster.alsace\/index.php\/2024\/02\/25\/lac-du-fischboedle\/","name":"Lac du Fischboedle - Gite de la Vall\u00e9e de Munster","isPartOf":{"@id":"https:\/\/gites.vallee-munster.alsace\/#website"},"primaryImageOfPage":{"@id":"https:\/\/gites.vallee-munster.alsace\/index.php\/2024\/02\/25\/lac-du-fischboedle\/#primaryimage"},"image":{"@id":"https:\/\/gites.vallee-munster.alsace\/index.php\/2024\/02\/25\/lac-du-fischboedle\/#primaryimage"},"thumbnailUrl":"https:\/\/gites.vallee-munster.alsace\/wp-content\/uploads\/2024\/02\/Sans-titre.jpeg","datePublished":"2024-02-25T09:48:28+00:00","breadcrumb":{"@id":"https:\/\/gites.vallee-munster.alsace\/index.php\/2024\/02\/25\/lac-du-fischboedle\/#breadcrumb"},"inLanguage":"fr-FR","potentialAction":[{"@type":"ReadAction","target":["https:\/\/gites.vallee-munster.alsace\/index.php\/2024\/02\/25\/lac-du-fischboedle\/"]}]},{"@type":"ImageObject","inLanguage":"fr-FR","@id":"https:\/\/gites.vallee-munster.alsace\/index.php\/2024\/02\/25\/lac-du-fischboedle\/#primaryimage","url":"https:\/\/gites.vallee-munster.alsace\/wp-content\/uploads\/2024\/02\/Sans-titre.jpeg","contentUrl":"https:\/\/gites.vallee-munster.alsace\/wp-content\/uploads\/2024\/02\/Sans-titre.jpeg","width":300,"height":168},{"@type":"BreadcrumbList","@id":"https:\/\/gites.vallee-munster.alsace\/index.php\/2024\/02\/25\/lac-du-fischboedle\/#breadcrumb","itemListElement":[{"@type":"ListItem","position":1,"name":"Accueil","item":"https:\/\/gites.vallee-munster.alsace\/"},{"@type":"ListItem","position":2,"name":"Lac du Fischboedle"}]},{"@type":"WebSite","@id":"https:\/\/gites.vallee-munster.alsace\/#website","url":"https:\/\/gites.vallee-munster.alsace\/","name":"Gite de la Vall\u00e9e de Munster","description":"Votre chez-soi loin de chez vous","publisher":{"@id":"https:\/\/gites.vallee-munster.alsace\/#organization"},"potentialAction":[{"@type":"SearchAction","target":{"@type":"EntryPoint","urlTemplate":"https:\/\/gites.vallee-munster.alsace\/?s={search_term_string}"},"query-input":{"@type":"PropertyValueSpecification","valueRequired":true,"valueName":"search_term_string"}}],"inLanguage":"fr-FR"},{"@type":"Organization","@id":"https:\/\/gites.vallee-munster.alsace\/#organization","name":"Gite de la Vall\u00e9e de Munster","url":"https:\/\/gites.vallee-munster.alsace\/","logo":{"@type":"ImageObject","inLanguage":"fr-FR","@id":"https:\/\/gites.vallee-munster.alsace\/#\/schema\/logo\/image\/","url":"https:\/\/gites.vallee-munster.alsace\/wp-content\/uploads\/2024\/02\/LOGO-GITE.png","contentUrl":"https:\/\/gites.vallee-munster.alsace\/wp-content\/uploads\/2024\/02\/LOGO-GITE.png","width":160,"height":90,"caption":"Gite de la Vall\u00e9e de Munster"},"image":{"@id":"https:\/\/gites.vallee-munster.alsace\/#\/schema\/logo\/image\/"}},{"@type":"Person","@id":"https:\/\/gites.vallee-munster.alsace\/#\/schema\/person\/484974d5c9317a48b8ce56d3aefdd4cd","name":"admin","image":{"@type":"ImageObject","inLanguage":"fr-FR","@id":"https:\/\/gites.vallee-munster.alsace\/#\/schema\/person\/image\/","url":"https:\/\/secure.gravatar.com\/avatar\/5d4132b480749dcffaa672c4d206cdffada2358113c3ccaabe49b962802ca1e5?s=96&d=mm&r=g","contentUrl":"https:\/\/secure.gravatar.com\/avatar\/5d4132b480749dcffaa672c4d206cdffada2358113c3ccaabe49b962802ca1e5?s=96&d=mm&r=g","caption":"admin"},"sameAs":["https:\/\/gites.vallee-munster.alsace"],"url":"https:\/\/gites.vallee-munster.alsace\/index.php\/author\/sbc-conseils\/"}]}},"_links":{"self":[{"href":"https:\/\/gites.vallee-munster.alsace\/index.php\/wp-json\/wp\/v2\/posts\/784","targetHints":{"allow":["GET"]}}],"collection":[{"href":"https:\/\/gites.vallee-munster.alsace\/index.php\/wp-json\/wp\/v2\/posts"}],"about":[{"href":"https:\/\/gites.vallee-munster.alsace\/index.php\/wp-json\/wp\/v2\/types\/post"}],"author":[{"embeddable":true,"href":"https:\/\/gites.vallee-munster.alsace\/index.php\/wp-json\/wp\/v2\/users\/1"}],"replies":[{"embeddable":true,"href":"https:\/\/gites.vallee-munster.alsace\/index.php\/wp-json\/wp\/v2\/comments?post=784"}],"version-history":[{"count":1,"href":"https:\/\/gites.vallee-munster.alsace\/index.php\/wp-json\/wp\/v2\/posts\/784\/revisions"}],"predecessor-version":[{"id":786,"href":"https:\/\/gites.vallee-munster.alsace\/index.php\/wp-json\/wp\/v2\/posts\/784\/revisions\/786"}],"wp:featuredmedia":[{"embeddable":true,"href":"https:\/\/gites.vallee-munster.alsace\/index.php\/wp-json\/wp\/v2\/media\/785"}],"wp:attachment":[{"href":"https:\/\/gites.vallee-munster.alsace\/index.php\/wp-json\/wp\/v2\/media?parent=784"}],"wp:term":[{"taxonomy":"category","embeddable":true,"href":"https:\/\/gites.vallee-munster.alsace\/index.php\/wp-json\/wp\/v2\/categories?post=784"},{"taxonomy":"post_tag","embeddable":true,"href":"https:\/\/gites.vallee-munster.alsace\/index.php\/wp-json\/wp\/v2\/tags?post=784"}],"curies":[{"name":"wp","href":"https:\/\/api.w.org\/{rel}","templated":true}]}}