{"id":745,"date":"2024-02-25T10:17:49","date_gmt":"2024-02-25T09:17:49","guid":{"rendered":"https:\/\/gites.vallee-munster.alsace\/?p=745"},"modified":"2024-02-25T10:17:49","modified_gmt":"2024-02-25T09:17:49","slug":"ribeauville","status":"publish","type":"post","link":"https:\/\/gites.vallee-munster.alsace\/index.php\/2024\/02\/25\/ribeauville\/","title":{"rendered":"Ribeauvill\u00e9"},"content":{"rendered":"\n<div class=\"wp-block-media-text is-stacked-on-mobile\"><figure class=\"wp-block-media-text__media\"><img loading=\"lazy\" decoding=\"async\" width=\"740\" height=\"567\" src=\"https:\/\/gites.vallee-munster.alsace\/wp-content\/uploads\/2024\/02\/danse-medievale-noel-ribeauville-740x567-1.jpg\" alt=\"\" class=\"wp-image-746 size-full\" srcset=\"https:\/\/gites.vallee-munster.alsace\/wp-content\/uploads\/2024\/02\/danse-medievale-noel-ribeauville-740x567-1.jpg 740w, https:\/\/gites.vallee-munster.alsace\/wp-content\/uploads\/2024\/02\/danse-medievale-noel-ribeauville-740x567-1-300x230.jpg 300w\" sizes=\"auto, (max-width: 740px) 100vw, 740px\" \/><\/figure><div class=\"wp-block-media-text__content\">\n<h2 class=\"wp-block-heading\">Oyez, oyez, place \u00e0 la f\u00eate !<\/h2>\n\n\n\n<p>\u00c0 <strong>Ribeauvill\u00e9,<\/strong> danseurs, baladins, saltimbanques, jongleurs ou encore cracheurs de feu vous invitent \u00e0 vivre la magie d\u2019un <strong>No\u00ebl<\/strong> sans pareil&nbsp;!<\/p>\n\n\n\n<p>Le <strong>march\u00e9 de No\u00ebl<\/strong> rel\u00e8ve du spectacle. Les animations investissent les rues et vous plongent dans un univers d\u2019antan, comme si vous y \u00e9tiez. De place en place, musiciens et artistes battent la mesure et vous invitent \u00e0 entrer dans la danse. Quelques notes, quelques pas et vous voil\u00e0 emport\u00e9 dans une joyeuse farandole.<\/p>\n\n\n\n<p>C\u2019est \u00e0 la nuit tomb\u00e9e que <strong>Ribeauvill\u00e9<\/strong> d\u00e9voile toute sa magie. D\u2019\u00e9tranges cr\u00e9atures, toutes droites sorties de mythes et de l\u00e9gendes, d\u00e9ambulent \u00e0 travers la ville, se pr\u00eatant aux regards des curieux et \u00e0 quelques photographes t\u00e9m\u00e9raires. Dans les frimas de l\u2019hiver, jongleurs et cracheurs de feu vous entra\u00eenent dans un tourbillon de lumi\u00e8re et de flammes. Vibrez dans l\u2019effervescence de ce d\u00e9tonant spectacle&nbsp;!<\/p>\n<\/div><\/div>\n\n\n\n<div class=\"wp-block-media-text has-media-on-the-right is-stacked-on-mobile\"><div class=\"wp-block-media-text__content\">\n<h2 class=\"wp-block-heading\">Tomber sous le charme du patrimoine m\u00e9di\u00e9val<\/h2>\n\n\n\n<p>Rendez-vous incontournable du No\u00ebl alsacien, le <strong>march\u00e9 de No\u00ebl de Ribeauvill\u00e9<\/strong> saura vous s\u00e9duire par son originalit\u00e9 et son authenticit\u00e9. Les d\u00e9cors scintillent, les maisons \u00e0 colombages servent d\u2019\u00e9crin \u00e0 la f\u00eate et les rues pittoresques invitent aux plus belles d\u00e9ambulations.<\/p>\n\n\n\n<p>Faites la rencontre des marchands, par\u00e9s de costumes d\u2019\u00e9poques, et d\u00e9nichez des tr\u00e9sors d\u2019artisanat sur leurs stands et \u00e9tals sublimement d\u00e9cor\u00e9s.<\/p>\n\n\n\n<p>Gourmets, d\u00e9lectez-vous de sp\u00e9cialit\u00e9s m\u00e9di\u00e9vales&nbsp;! Le fumet du sanglier \u00e0 la broche et des soupes mitonn\u00e9es vous plongent encore un peu plus dans l\u2019ambiance m\u00e9di\u00e9vale. On les d\u00e9guste volontiers accompagn\u00e9s d\u2019une cervoise, d\u2019un vin chaud ou d\u2019un jus de pomme fra\u00eechement press\u00e9 pour les plus petits.<\/p>\n<\/div><figure class=\"wp-block-media-text__media\"><img loading=\"lazy\" decoding=\"async\" width=\"740\" height=\"567\" src=\"https:\/\/gites.vallee-munster.alsace\/wp-content\/uploads\/2024\/02\/producteur-marche-noel-ribeauville-740x567-1.jpg\" alt=\"\" class=\"wp-image-747 size-full\" srcset=\"https:\/\/gites.vallee-munster.alsace\/wp-content\/uploads\/2024\/02\/producteur-marche-noel-ribeauville-740x567-1.jpg 740w, https:\/\/gites.vallee-munster.alsace\/wp-content\/uploads\/2024\/02\/producteur-marche-noel-ribeauville-740x567-1-300x230.jpg 300w\" sizes=\"auto, (max-width: 740px) 100vw, 740px\" \/><\/figure><\/div>\n","protected":false},"excerpt":{"rendered":"<p>Oyez, oyez, place \u00e0 la f\u00eate ! \u00c0 Ribeauvill\u00e9, danseurs, baladins, saltimbanques, jongleurs ou encore cracheurs de feu vous invitent \u00e0 vivre la magie d\u2019un No\u00ebl sans pareil&nbsp;! Le march\u00e9 de No\u00ebl rel\u00e8ve du spectacle. Les animations investissent les rues et vous plongent dans un univers d\u2019antan, comme si vous y \u00e9tiez. De place en [&hellip;]<\/p>\n","protected":false},"author":1,"featured_media":746,"comment_status":"open","ping_status":"open","sticky":false,"template":"","format":"standard","meta":{"footnotes":""},"categories":[8],"tags":[],"class_list":["post-745","post","type-post","status-publish","format-standard","has-post-thumbnail","hentry","category-marche-de-noel"],"yoast_head":"<!-- This site is optimized with the Yoast SEO plugin v27.0 - https:\/\/yoast.com\/product\/yoast-seo-wordpress\/ -->\n<title>Ribeauvill\u00e9 - Gite de la Vall\u00e9e de Munster<\/title>\n<meta name=\"robots\" content=\"index, follow, max-snippet:-1, max-image-preview:large, max-video-preview:-1\" \/>\n<link rel=\"canonical\" href=\"https:\/\/gites.vallee-munster.alsace\/index.php\/2024\/02\/25\/ribeauville\/\" \/>\n<meta property=\"og:locale\" content=\"fr_FR\" \/>\n<meta property=\"og:type\" content=\"article\" \/>\n<meta property=\"og:title\" content=\"Ribeauvill\u00e9 - Gite de la Vall\u00e9e de Munster\" \/>\n<meta property=\"og:description\" content=\"Oyez, oyez, place \u00e0 la f\u00eate ! \u00c0 Ribeauvill\u00e9, danseurs, baladins, saltimbanques, jongleurs ou encore cracheurs de feu vous invitent \u00e0 vivre la magie d\u2019un No\u00ebl sans pareil&nbsp;! Le march\u00e9 de No\u00ebl rel\u00e8ve du spectacle. Les animations investissent les rues et vous plongent dans un univers d\u2019antan, comme si vous y \u00e9tiez. De place en [&hellip;]\" \/>\n<meta property=\"og:url\" content=\"https:\/\/gites.vallee-munster.alsace\/index.php\/2024\/02\/25\/ribeauville\/\" \/>\n<meta property=\"og:site_name\" content=\"Gite de la Vall\u00e9e de Munster\" \/>\n<meta property=\"article:published_time\" content=\"2024-02-25T09:17:49+00:00\" \/>\n<meta property=\"og:image\" content=\"https:\/\/gites.vallee-munster.alsace\/wp-content\/uploads\/2024\/02\/danse-medievale-noel-ribeauville-740x567-1.jpg\" \/>\n\t<meta property=\"og:image:width\" content=\"740\" \/>\n\t<meta property=\"og:image:height\" content=\"567\" \/>\n\t<meta property=\"og:image:type\" content=\"image\/jpeg\" \/>\n<meta name=\"author\" content=\"admin\" \/>\n<meta name=\"twitter:card\" content=\"summary_large_image\" \/>\n<meta name=\"twitter:label1\" content=\"\u00c9crit par\" \/>\n\t<meta name=\"twitter:data1\" content=\"admin\" \/>\n\t<meta name=\"twitter:label2\" content=\"Dur\u00e9e de lecture estim\u00e9e\" \/>\n\t<meta name=\"twitter:data2\" content=\"2 minutes\" \/>\n<script type=\"application\/ld+json\" class=\"yoast-schema-graph\">{\"@context\":\"https:\/\/schema.org\",\"@graph\":[{\"@type\":\"Article\",\"@id\":\"https:\/\/gites.vallee-munster.alsace\/index.php\/2024\/02\/25\/ribeauville\/#article\",\"isPartOf\":{\"@id\":\"https:\/\/gites.vallee-munster.alsace\/index.php\/2024\/02\/25\/ribeauville\/\"},\"author\":{\"name\":\"admin\",\"@id\":\"https:\/\/gites.vallee-munster.alsace\/#\/schema\/person\/484974d5c9317a48b8ce56d3aefdd4cd\"},\"headline\":\"Ribeauvill\u00e9\",\"datePublished\":\"2024-02-25T09:17:49+00:00\",\"mainEntityOfPage\":{\"@id\":\"https:\/\/gites.vallee-munster.alsace\/index.php\/2024\/02\/25\/ribeauville\/\"},\"wordCount\":306,\"commentCount\":0,\"publisher\":{\"@id\":\"https:\/\/gites.vallee-munster.alsace\/#organization\"},\"image\":{\"@id\":\"https:\/\/gites.vallee-munster.alsace\/index.php\/2024\/02\/25\/ribeauville\/#primaryimage\"},\"thumbnailUrl\":\"https:\/\/gites.vallee-munster.alsace\/wp-content\/uploads\/2024\/02\/danse-medievale-noel-ribeauville-740x567-1.jpg\",\"articleSection\":[\"March\u00e9 de noel\"],\"inLanguage\":\"fr-FR\",\"potentialAction\":[{\"@type\":\"CommentAction\",\"name\":\"Comment\",\"target\":[\"https:\/\/gites.vallee-munster.alsace\/index.php\/2024\/02\/25\/ribeauville\/#respond\"]}]},{\"@type\":\"WebPage\",\"@id\":\"https:\/\/gites.vallee-munster.alsace\/index.php\/2024\/02\/25\/ribeauville\/\",\"url\":\"https:\/\/gites.vallee-munster.alsace\/index.php\/2024\/02\/25\/ribeauville\/\",\"name\":\"Ribeauvill\u00e9 - Gite de la Vall\u00e9e de Munster\",\"isPartOf\":{\"@id\":\"https:\/\/gites.vallee-munster.alsace\/#website\"},\"primaryImageOfPage\":{\"@id\":\"https:\/\/gites.vallee-munster.alsace\/index.php\/2024\/02\/25\/ribeauville\/#primaryimage\"},\"image\":{\"@id\":\"https:\/\/gites.vallee-munster.alsace\/index.php\/2024\/02\/25\/ribeauville\/#primaryimage\"},\"thumbnailUrl\":\"https:\/\/gites.vallee-munster.alsace\/wp-content\/uploads\/2024\/02\/danse-medievale-noel-ribeauville-740x567-1.jpg\",\"datePublished\":\"2024-02-25T09:17:49+00:00\",\"breadcrumb\":{\"@id\":\"https:\/\/gites.vallee-munster.alsace\/index.php\/2024\/02\/25\/ribeauville\/#breadcrumb\"},\"inLanguage\":\"fr-FR\",\"potentialAction\":[{\"@type\":\"ReadAction\",\"target\":[\"https:\/\/gites.vallee-munster.alsace\/index.php\/2024\/02\/25\/ribeauville\/\"]}]},{\"@type\":\"ImageObject\",\"inLanguage\":\"fr-FR\",\"@id\":\"https:\/\/gites.vallee-munster.alsace\/index.php\/2024\/02\/25\/ribeauville\/#primaryimage\",\"url\":\"https:\/\/gites.vallee-munster.alsace\/wp-content\/uploads\/2024\/02\/danse-medievale-noel-ribeauville-740x567-1.jpg\",\"contentUrl\":\"https:\/\/gites.vallee-munster.alsace\/wp-content\/uploads\/2024\/02\/danse-medievale-noel-ribeauville-740x567-1.jpg\",\"width\":740,\"height\":567},{\"@type\":\"BreadcrumbList\",\"@id\":\"https:\/\/gites.vallee-munster.alsace\/index.php\/2024\/02\/25\/ribeauville\/#breadcrumb\",\"itemListElement\":[{\"@type\":\"ListItem\",\"position\":1,\"name\":\"Accueil\",\"item\":\"https:\/\/gites.vallee-munster.alsace\/\"},{\"@type\":\"ListItem\",\"position\":2,\"name\":\"Ribeauvill\u00e9\"}]},{\"@type\":\"WebSite\",\"@id\":\"https:\/\/gites.vallee-munster.alsace\/#website\",\"url\":\"https:\/\/gites.vallee-munster.alsace\/\",\"name\":\"Gite de la Vall\u00e9e de Munster\",\"description\":\"Votre chez-soi loin de chez vous\",\"publisher\":{\"@id\":\"https:\/\/gites.vallee-munster.alsace\/#organization\"},\"potentialAction\":[{\"@type\":\"SearchAction\",\"target\":{\"@type\":\"EntryPoint\",\"urlTemplate\":\"https:\/\/gites.vallee-munster.alsace\/?s={search_term_string}\"},\"query-input\":{\"@type\":\"PropertyValueSpecification\",\"valueRequired\":true,\"valueName\":\"search_term_string\"}}],\"inLanguage\":\"fr-FR\"},{\"@type\":\"Organization\",\"@id\":\"https:\/\/gites.vallee-munster.alsace\/#organization\",\"name\":\"Gite de la Vall\u00e9e de Munster\",\"url\":\"https:\/\/gites.vallee-munster.alsace\/\",\"logo\":{\"@type\":\"ImageObject\",\"inLanguage\":\"fr-FR\",\"@id\":\"https:\/\/gites.vallee-munster.alsace\/#\/schema\/logo\/image\/\",\"url\":\"https:\/\/gites.vallee-munster.alsace\/wp-content\/uploads\/2024\/02\/LOGO-GITE.png\",\"contentUrl\":\"https:\/\/gites.vallee-munster.alsace\/wp-content\/uploads\/2024\/02\/LOGO-GITE.png\",\"width\":160,\"height\":90,\"caption\":\"Gite de la Vall\u00e9e de Munster\"},\"image\":{\"@id\":\"https:\/\/gites.vallee-munster.alsace\/#\/schema\/logo\/image\/\"}},{\"@type\":\"Person\",\"@id\":\"https:\/\/gites.vallee-munster.alsace\/#\/schema\/person\/484974d5c9317a48b8ce56d3aefdd4cd\",\"name\":\"admin\",\"image\":{\"@type\":\"ImageObject\",\"inLanguage\":\"fr-FR\",\"@id\":\"https:\/\/gites.vallee-munster.alsace\/#\/schema\/person\/image\/\",\"url\":\"https:\/\/secure.gravatar.com\/avatar\/5d4132b480749dcffaa672c4d206cdffada2358113c3ccaabe49b962802ca1e5?s=96&d=mm&r=g\",\"contentUrl\":\"https:\/\/secure.gravatar.com\/avatar\/5d4132b480749dcffaa672c4d206cdffada2358113c3ccaabe49b962802ca1e5?s=96&d=mm&r=g\",\"caption\":\"admin\"},\"sameAs\":[\"https:\/\/gites.vallee-munster.alsace\"],\"url\":\"https:\/\/gites.vallee-munster.alsace\/index.php\/author\/sbc-conseils\/\"}]}<\/script>\n<!-- \/ Yoast SEO plugin. -->","yoast_head_json":{"title":"Ribeauvill\u00e9 - Gite de la Vall\u00e9e de Munster","robots":{"index":"index","follow":"follow","max-snippet":"max-snippet:-1","max-image-preview":"max-image-preview:large","max-video-preview":"max-video-preview:-1"},"canonical":"https:\/\/gites.vallee-munster.alsace\/index.php\/2024\/02\/25\/ribeauville\/","og_locale":"fr_FR","og_type":"article","og_title":"Ribeauvill\u00e9 - Gite de la Vall\u00e9e de Munster","og_description":"Oyez, oyez, place \u00e0 la f\u00eate ! \u00c0 Ribeauvill\u00e9, danseurs, baladins, saltimbanques, jongleurs ou encore cracheurs de feu vous invitent \u00e0 vivre la magie d\u2019un No\u00ebl sans pareil&nbsp;! Le march\u00e9 de No\u00ebl rel\u00e8ve du spectacle. Les animations investissent les rues et vous plongent dans un univers d\u2019antan, comme si vous y \u00e9tiez. De place en [&hellip;]","og_url":"https:\/\/gites.vallee-munster.alsace\/index.php\/2024\/02\/25\/ribeauville\/","og_site_name":"Gite de la Vall\u00e9e de Munster","article_published_time":"2024-02-25T09:17:49+00:00","og_image":[{"width":740,"height":567,"url":"https:\/\/gites.vallee-munster.alsace\/wp-content\/uploads\/2024\/02\/danse-medievale-noel-ribeauville-740x567-1.jpg","type":"image\/jpeg"}],"author":"admin","twitter_card":"summary_large_image","twitter_misc":{"\u00c9crit par":"admin","Dur\u00e9e de lecture estim\u00e9e":"2 minutes"},"schema":{"@context":"https:\/\/schema.org","@graph":[{"@type":"Article","@id":"https:\/\/gites.vallee-munster.alsace\/index.php\/2024\/02\/25\/ribeauville\/#article","isPartOf":{"@id":"https:\/\/gites.vallee-munster.alsace\/index.php\/2024\/02\/25\/ribeauville\/"},"author":{"name":"admin","@id":"https:\/\/gites.vallee-munster.alsace\/#\/schema\/person\/484974d5c9317a48b8ce56d3aefdd4cd"},"headline":"Ribeauvill\u00e9","datePublished":"2024-02-25T09:17:49+00:00","mainEntityOfPage":{"@id":"https:\/\/gites.vallee-munster.alsace\/index.php\/2024\/02\/25\/ribeauville\/"},"wordCount":306,"commentCount":0,"publisher":{"@id":"https:\/\/gites.vallee-munster.alsace\/#organization"},"image":{"@id":"https:\/\/gites.vallee-munster.alsace\/index.php\/2024\/02\/25\/ribeauville\/#primaryimage"},"thumbnailUrl":"https:\/\/gites.vallee-munster.alsace\/wp-content\/uploads\/2024\/02\/danse-medievale-noel-ribeauville-740x567-1.jpg","articleSection":["March\u00e9 de noel"],"inLanguage":"fr-FR","potentialAction":[{"@type":"CommentAction","name":"Comment","target":["https:\/\/gites.vallee-munster.alsace\/index.php\/2024\/02\/25\/ribeauville\/#respond"]}]},{"@type":"WebPage","@id":"https:\/\/gites.vallee-munster.alsace\/index.php\/2024\/02\/25\/ribeauville\/","url":"https:\/\/gites.vallee-munster.alsace\/index.php\/2024\/02\/25\/ribeauville\/","name":"Ribeauvill\u00e9 - Gite de la Vall\u00e9e de Munster","isPartOf":{"@id":"https:\/\/gites.vallee-munster.alsace\/#website"},"primaryImageOfPage":{"@id":"https:\/\/gites.vallee-munster.alsace\/index.php\/2024\/02\/25\/ribeauville\/#primaryimage"},"image":{"@id":"https:\/\/gites.vallee-munster.alsace\/index.php\/2024\/02\/25\/ribeauville\/#primaryimage"},"thumbnailUrl":"https:\/\/gites.vallee-munster.alsace\/wp-content\/uploads\/2024\/02\/danse-medievale-noel-ribeauville-740x567-1.jpg","datePublished":"2024-02-25T09:17:49+00:00","breadcrumb":{"@id":"https:\/\/gites.vallee-munster.alsace\/index.php\/2024\/02\/25\/ribeauville\/#breadcrumb"},"inLanguage":"fr-FR","potentialAction":[{"@type":"ReadAction","target":["https:\/\/gites.vallee-munster.alsace\/index.php\/2024\/02\/25\/ribeauville\/"]}]},{"@type":"ImageObject","inLanguage":"fr-FR","@id":"https:\/\/gites.vallee-munster.alsace\/index.php\/2024\/02\/25\/ribeauville\/#primaryimage","url":"https:\/\/gites.vallee-munster.alsace\/wp-content\/uploads\/2024\/02\/danse-medievale-noel-ribeauville-740x567-1.jpg","contentUrl":"https:\/\/gites.vallee-munster.alsace\/wp-content\/uploads\/2024\/02\/danse-medievale-noel-ribeauville-740x567-1.jpg","width":740,"height":567},{"@type":"BreadcrumbList","@id":"https:\/\/gites.vallee-munster.alsace\/index.php\/2024\/02\/25\/ribeauville\/#breadcrumb","itemListElement":[{"@type":"ListItem","position":1,"name":"Accueil","item":"https:\/\/gites.vallee-munster.alsace\/"},{"@type":"ListItem","position":2,"name":"Ribeauvill\u00e9"}]},{"@type":"WebSite","@id":"https:\/\/gites.vallee-munster.alsace\/#website","url":"https:\/\/gites.vallee-munster.alsace\/","name":"Gite de la Vall\u00e9e de Munster","description":"Votre chez-soi loin de chez vous","publisher":{"@id":"https:\/\/gites.vallee-munster.alsace\/#organization"},"potentialAction":[{"@type":"SearchAction","target":{"@type":"EntryPoint","urlTemplate":"https:\/\/gites.vallee-munster.alsace\/?s={search_term_string}"},"query-input":{"@type":"PropertyValueSpecification","valueRequired":true,"valueName":"search_term_string"}}],"inLanguage":"fr-FR"},{"@type":"Organization","@id":"https:\/\/gites.vallee-munster.alsace\/#organization","name":"Gite de la Vall\u00e9e de Munster","url":"https:\/\/gites.vallee-munster.alsace\/","logo":{"@type":"ImageObject","inLanguage":"fr-FR","@id":"https:\/\/gites.vallee-munster.alsace\/#\/schema\/logo\/image\/","url":"https:\/\/gites.vallee-munster.alsace\/wp-content\/uploads\/2024\/02\/LOGO-GITE.png","contentUrl":"https:\/\/gites.vallee-munster.alsace\/wp-content\/uploads\/2024\/02\/LOGO-GITE.png","width":160,"height":90,"caption":"Gite de la Vall\u00e9e de Munster"},"image":{"@id":"https:\/\/gites.vallee-munster.alsace\/#\/schema\/logo\/image\/"}},{"@type":"Person","@id":"https:\/\/gites.vallee-munster.alsace\/#\/schema\/person\/484974d5c9317a48b8ce56d3aefdd4cd","name":"admin","image":{"@type":"ImageObject","inLanguage":"fr-FR","@id":"https:\/\/gites.vallee-munster.alsace\/#\/schema\/person\/image\/","url":"https:\/\/secure.gravatar.com\/avatar\/5d4132b480749dcffaa672c4d206cdffada2358113c3ccaabe49b962802ca1e5?s=96&d=mm&r=g","contentUrl":"https:\/\/secure.gravatar.com\/avatar\/5d4132b480749dcffaa672c4d206cdffada2358113c3ccaabe49b962802ca1e5?s=96&d=mm&r=g","caption":"admin"},"sameAs":["https:\/\/gites.vallee-munster.alsace"],"url":"https:\/\/gites.vallee-munster.alsace\/index.php\/author\/sbc-conseils\/"}]}},"_links":{"self":[{"href":"https:\/\/gites.vallee-munster.alsace\/index.php\/wp-json\/wp\/v2\/posts\/745","targetHints":{"allow":["GET"]}}],"collection":[{"href":"https:\/\/gites.vallee-munster.alsace\/index.php\/wp-json\/wp\/v2\/posts"}],"about":[{"href":"https:\/\/gites.vallee-munster.alsace\/index.php\/wp-json\/wp\/v2\/types\/post"}],"author":[{"embeddable":true,"href":"https:\/\/gites.vallee-munster.alsace\/index.php\/wp-json\/wp\/v2\/users\/1"}],"replies":[{"embeddable":true,"href":"https:\/\/gites.vallee-munster.alsace\/index.php\/wp-json\/wp\/v2\/comments?post=745"}],"version-history":[{"count":1,"href":"https:\/\/gites.vallee-munster.alsace\/index.php\/wp-json\/wp\/v2\/posts\/745\/revisions"}],"predecessor-version":[{"id":748,"href":"https:\/\/gites.vallee-munster.alsace\/index.php\/wp-json\/wp\/v2\/posts\/745\/revisions\/748"}],"wp:featuredmedia":[{"embeddable":true,"href":"https:\/\/gites.vallee-munster.alsace\/index.php\/wp-json\/wp\/v2\/media\/746"}],"wp:attachment":[{"href":"https:\/\/gites.vallee-munster.alsace\/index.php\/wp-json\/wp\/v2\/media?parent=745"}],"wp:term":[{"taxonomy":"category","embeddable":true,"href":"https:\/\/gites.vallee-munster.alsace\/index.php\/wp-json\/wp\/v2\/categories?post=745"},{"taxonomy":"post_tag","embeddable":true,"href":"https:\/\/gites.vallee-munster.alsace\/index.php\/wp-json\/wp\/v2\/tags?post=745"}],"curies":[{"name":"wp","href":"https:\/\/api.w.org\/{rel}","templated":true}]}}